{"id":1455,"date":"2020-08-24T12:36:03","date_gmt":"2020-08-24T15:36:03","guid":{"rendered":"http:\/\/www.saopaulo.sp.leg.br\/mulheres\/?p=1455"},"modified":"2020-08-28T11:01:03","modified_gmt":"2020-08-28T14:01:03","slug":"programa-tem-saida-emprega-mulheres-vitimas-de-violencia-domestica-em-sao-paulo","status":"publish","type":"post","link":"https:\/\/www.saopaulo.sp.leg.br\/mulheres\/programa-tem-saida-emprega-mulheres-vitimas-de-violencia-domestica-em-sao-paulo\/","title":{"rendered":"Programa Tem Sa\u00edda emprega mulheres v\u00edtimas de viol\u00eancia dom\u00e9stica em S\u00e3o Paulo"},"content":{"rendered":"<p>O <span style=\"color: #0000ff\"><u><a href=\"https:\/\/www.prefeitura.sp.gov.br\/cidade\/secretarias\/desenvolvimento\/espaco_do_trabalhador\/index.php?p=261692\" target=\"_blank\" rel=\"noopener noreferrer\">Tem Sa\u00edda<\/a><\/u><\/span> \u00e9 uma pol\u00edtica p\u00fablica voltada \u00e0 autonomia financeira e empregabilidade da mulher em situa\u00e7\u00e3o de viol\u00eancia dom\u00e9stica e familiar. A a\u00e7\u00e3o \u00e9 uma parceria entre a Secretaria de Desenvolvimento Econ\u00f4mico e Trabalho da Prefeitura de S\u00e3o Paulo, Minist\u00e9rio P\u00fablico, Defensoria P\u00fablica, Tribunal de Justi\u00e7a, OAB-SP e ONU Mulheres. Criado em agosto de 2018, a iniciativa j\u00e1 proporcionou oportunidades para mais de 200 mulheres em situa\u00e7\u00e3o de viol\u00eancia dom\u00e9stica e familiar, que conquistaram uma vaga de emprego.<!--more--><\/p>\n<p>O programa conta com o apoio de empresas privadas, que viabilizam vagas de emprego para as mulheres atendidas pelo programa. Esse conjunto de esfor\u00e7os busca promover a reinser\u00e7\u00e3o dessas mulheres no mercado de trabalho contribuindo para a independ\u00eancia financeira da mulher e o fim do ciclo de viol\u00eancia.<\/p>\n<p><strong>Como participar do Tem Sa\u00edda<\/strong><\/p>\n<p>A v\u00edtima em situa\u00e7\u00e3o de viol\u00eancia dom\u00e9stica e familiar poder\u00e1 ser integrada ao Programa Tem Sa\u00edda a partir do atendimento realizado pelo Minist\u00e9rio P\u00fablico, Defensoria P\u00fablica, Poder Judici\u00e1rio ou delegacia.<\/p>\n<p>Ap\u00f3s passar pelos \u00f3rg\u00e3os mencionados, a mulher \u00e9 encaminhada aos equipamentos de sele\u00e7\u00e3o de emprego da Secretaria Municipal de Desenvolvimento Econ\u00f4mico e Trabalho. As candidatas passam por processo seletivo diferenciado, com apoio da equipe t\u00e9cnica da Secretaria e das \u00e1reas de recursos humanos das empresas parceiras. As equipes da Prefeitura e de recursos humanos das empresas receberam treinamento espec\u00edfico para atender as mulheres v\u00edtimas de viol\u00eancia.<\/p>\n<p>Desde que o programa Tem Sa\u00edda foi criado mais de 200 mulheres em situa\u00e7\u00e3o de viol\u00eancia dom\u00e9stica e familiar conquistaram uma vaga de emprego. E, at\u00e9 o momento, cerca de 650 mulheres compareceram ao CATE (Centro de Apoio ao Trabalho e Empreendedorismo), administrado pela Secretaria de Desenvolvimento Econ\u00f4mico e Trabalho, com o of\u00edcio emitido pelo sistema judici\u00e1rio, em busca de uma entrevista de emprego em uma das 32 empresas parcerias do programa.<\/p>\n<p>\u201cOs esfor\u00e7os entre as \u00e1reas p\u00fablica e privada t\u00eam promovido a transforma\u00e7\u00e3o de vidas. A possibilidade de ter sua pr\u00f3pria renda e decidir o que fazer com ela, empodera essas mulheres. Muitas delas estiveram por muito tempo sem alternativa, sob o dom\u00ednio de seus companheiros e por vezes sofrendo agress\u00f5es f\u00edsicas ou psicol\u00f3gicas\u201d, salienta a secret\u00e1ria de Desenvolvimento Econ\u00f4mico e Trabalho, Aline Cardoso.<\/p>\n<p>Al\u00e9m das 32 empresas parcerias do Tem Sa\u00edda, a Prefeitura de S\u00e3o Paulo integra tamb\u00e9m a a\u00e7\u00e3o, por meio do Programa de Combate ao Desperd\u00edcio e \u00e0 Perda de Alimentos, administrado pela Secretaria de Desenvolvimento Econ\u00f4mico. As mulheres do Tem Sa\u00edda recebem uma bolsa-aux\u00edlio no valor de R$ 1.097,25 para atuar em feiras livres da capital, orientando os feirantes sobre o descarte de alimentos que est\u00e3o em condi\u00e7\u00f5es de consumo e que seriam descartados por n\u00e3o estarem adequados para a comercializa\u00e7\u00e3o. Frutas, legumes e hortali\u00e7as doados pelos comerciantes s\u00e3o destinados para cerca de 200 entidades cadastradas no Banco de Alimentos do munic\u00edpio. A a\u00e7\u00e3o foi reconhecida pela ISWA &#8211; Associa\u00e7\u00e3o Mundial de Res\u00edduos S\u00f3lidos, como uma das melhores pr\u00e1ticas mundiais de preven\u00e7\u00e3o a res\u00edduos urbanos, atrelada aos direitos humanos.<\/p>\n<p><strong>Contato:<\/strong><br \/>\nPara mais informa\u00e7\u00f5es, d\u00favidas e ades\u00e3o de novas empresas envie um e-mail para temsaida@prefeitura.sp.gov.br ou ligue para o servi\u00e7o SP156.<\/p>\n<p>*Com informa\u00e7\u00f5es da Prefeitura de S\u00e3o Paulo<\/p>\n","protected":false},"excerpt":{"rendered":"<p>O Tem Sa\u00edda \u00e9 uma pol\u00edtica p\u00fablica voltada \u00e0 autonomia financeira e empregabilidade da mulher em situa\u00e7\u00e3o de viol\u00eancia dom\u00e9stica e familiar. A a\u00e7\u00e3o \u00e9 uma parceria entre a Secretaria de Desenvolvimento Econ\u00f4mico e Trabalho da Prefeitura de S\u00e3o Paulo, Minist\u00e9rio P\u00fablico, Defensoria P\u00fablica, Tribunal de Justi\u00e7a, OAB-SP e ONU Mulheres. Criado em agosto de&#8230;  <a class=\"excerpt-read-more\" href=\"https:\/\/www.saopaulo.sp.leg.br\/mulheres\/programa-tem-saida-emprega-mulheres-vitimas-de-violencia-domestica-em-sao-paulo\/\" title=\"Leia Programa Tem Sa\u00edda emprega mulheres v\u00edtimas de viol\u00eancia dom\u00e9stica em S\u00e3o Paulo\">Leia Mais &raquo;<\/a><\/p>\n","protected":false},"author":697,"featured_media":0,"comment_status":"open","ping_status":"open","sticky":false,"template":"","format":"standard","meta":{"_acf_changed":false,"footnotes":""},"categories":[1],"tags":[],"class_list":["post-1455","post","type-post","status-publish","format-standard","hentry","category-sem-categoria"],"acf":[],"yoast_head":"<!-- This site is optimized with the Yoast SEO plugin v27.5 - https:\/\/yoast.com\/product\/yoast-seo-wordpress\/ -->\n<title>Programa Tem Sa\u00edda emprega mulheres v\u00edtimas de viol\u00eancia dom\u00e9stica em S\u00e3o Paulo - Mulheres<\/title>\n<meta name=\"robots\" content=\"index, follow, max-snippet:-1, max-image-preview:large, max-video-preview:-1\" \/>\n<link rel=\"canonical\" href=\"https:\/\/www.saopaulo.sp.leg.br\/mulheres\/programa-tem-saida-emprega-mulheres-vitimas-de-violencia-domestica-em-sao-paulo\/\" \/>\n<meta property=\"og:locale\" content=\"pt_BR\" \/>\n<meta property=\"og:type\" content=\"article\" \/>\n<meta property=\"og:title\" content=\"Programa Tem Sa\u00edda emprega mulheres v\u00edtimas de viol\u00eancia dom\u00e9stica em S\u00e3o Paulo - Mulheres\" \/>\n<meta property=\"og:description\" content=\"O Tem Sa\u00edda \u00e9 uma pol\u00edtica p\u00fablica voltada \u00e0 autonomia financeira e empregabilidade da mulher em situa\u00e7\u00e3o de viol\u00eancia dom\u00e9stica e familiar. A a\u00e7\u00e3o \u00e9 uma parceria entre a Secretaria de Desenvolvimento Econ\u00f4mico e Trabalho da Prefeitura de S\u00e3o Paulo, Minist\u00e9rio P\u00fablico, Defensoria P\u00fablica, Tribunal de Justi\u00e7a, OAB-SP e ONU Mulheres. Criado em agosto de... Leia Mais &raquo;\" \/>\n<meta property=\"og:url\" content=\"https:\/\/www.saopaulo.sp.leg.br\/mulheres\/programa-tem-saida-emprega-mulheres-vitimas-de-violencia-domestica-em-sao-paulo\/\" \/>\n<meta property=\"og:site_name\" content=\"Mulheres\" \/>\n<meta property=\"article:published_time\" content=\"2020-08-24T15:36:03+00:00\" \/>\n<meta property=\"article:modified_time\" content=\"2020-08-28T14:01:03+00:00\" \/>\n<meta name=\"author\" content=\"Fernanda Lucena da Silva\" \/>\n<meta name=\"twitter:card\" content=\"summary_large_image\" \/>\n<meta name=\"twitter:label1\" content=\"Escrito por\" \/>\n\t<meta name=\"twitter:data1\" content=\"Fernanda Lucena da Silva\" \/>\n\t<meta name=\"twitter:label2\" content=\"Est. tempo de leitura\" \/>\n\t<meta name=\"twitter:data2\" content=\"3 minutos\" \/>\n<script type=\"application\/ld+json\" class=\"yoast-schema-graph\">{\"@context\":\"https:\\\/\\\/schema.org\",\"@graph\":[{\"@type\":\"Article\",\"@id\":\"https:\\\/\\\/www.saopaulo.sp.leg.br\\\/mulheres\\\/programa-tem-saida-emprega-mulheres-vitimas-de-violencia-domestica-em-sao-paulo\\\/#article\",\"isPartOf\":{\"@id\":\"https:\\\/\\\/www.saopaulo.sp.leg.br\\\/mulheres\\\/programa-tem-saida-emprega-mulheres-vitimas-de-violencia-domestica-em-sao-paulo\\\/\"},\"author\":{\"name\":\"Fernanda Lucena da Silva\",\"@id\":\"https:\\\/\\\/www.saopaulo.sp.leg.br\\\/mulheres\\\/#\\\/schema\\\/person\\\/1542424530bd8caa7c5a43658c491874\"},\"headline\":\"Programa Tem Sa\u00edda emprega mulheres v\u00edtimas de viol\u00eancia dom\u00e9stica em S\u00e3o Paulo\",\"datePublished\":\"2020-08-24T15:36:03+00:00\",\"dateModified\":\"2020-08-28T14:01:03+00:00\",\"mainEntityOfPage\":{\"@id\":\"https:\\\/\\\/www.saopaulo.sp.leg.br\\\/mulheres\\\/programa-tem-saida-emprega-mulheres-vitimas-de-violencia-domestica-em-sao-paulo\\\/\"},\"wordCount\":613,\"commentCount\":0,\"inLanguage\":\"pt-BR\",\"potentialAction\":[{\"@type\":\"CommentAction\",\"name\":\"Comment\",\"target\":[\"https:\\\/\\\/www.saopaulo.sp.leg.br\\\/mulheres\\\/programa-tem-saida-emprega-mulheres-vitimas-de-violencia-domestica-em-sao-paulo\\\/#respond\"]}]},{\"@type\":\"WebPage\",\"@id\":\"https:\\\/\\\/www.saopaulo.sp.leg.br\\\/mulheres\\\/programa-tem-saida-emprega-mulheres-vitimas-de-violencia-domestica-em-sao-paulo\\\/\",\"url\":\"https:\\\/\\\/www.saopaulo.sp.leg.br\\\/mulheres\\\/programa-tem-saida-emprega-mulheres-vitimas-de-violencia-domestica-em-sao-paulo\\\/\",\"name\":\"Programa Tem Sa\u00edda emprega mulheres v\u00edtimas de viol\u00eancia dom\u00e9stica em S\u00e3o Paulo - Mulheres\",\"isPartOf\":{\"@id\":\"https:\\\/\\\/www.saopaulo.sp.leg.br\\\/mulheres\\\/#website\"},\"datePublished\":\"2020-08-24T15:36:03+00:00\",\"dateModified\":\"2020-08-28T14:01:03+00:00\",\"author\":{\"@id\":\"https:\\\/\\\/www.saopaulo.sp.leg.br\\\/mulheres\\\/#\\\/schema\\\/person\\\/1542424530bd8caa7c5a43658c491874\"},\"breadcrumb\":{\"@id\":\"https:\\\/\\\/www.saopaulo.sp.leg.br\\\/mulheres\\\/programa-tem-saida-emprega-mulheres-vitimas-de-violencia-domestica-em-sao-paulo\\\/#breadcrumb\"},\"inLanguage\":\"pt-BR\",\"potentialAction\":[{\"@type\":\"ReadAction\",\"target\":[\"https:\\\/\\\/www.saopaulo.sp.leg.br\\\/mulheres\\\/programa-tem-saida-emprega-mulheres-vitimas-de-violencia-domestica-em-sao-paulo\\\/\"]}]},{\"@type\":\"BreadcrumbList\",\"@id\":\"https:\\\/\\\/www.saopaulo.sp.leg.br\\\/mulheres\\\/programa-tem-saida-emprega-mulheres-vitimas-de-violencia-domestica-em-sao-paulo\\\/#breadcrumb\",\"itemListElement\":[{\"@type\":\"ListItem\",\"position\":1,\"name\":\"In\u00edcio\",\"item\":\"https:\\\/\\\/www.saopaulo.sp.leg.br\\\/mulheres\\\/\"},{\"@type\":\"ListItem\",\"position\":2,\"name\":\"Programa Tem Sa\u00edda emprega mulheres v\u00edtimas de viol\u00eancia dom\u00e9stica em S\u00e3o Paulo\"}]},{\"@type\":\"WebSite\",\"@id\":\"https:\\\/\\\/www.saopaulo.sp.leg.br\\\/mulheres\\\/#website\",\"url\":\"https:\\\/\\\/www.saopaulo.sp.leg.br\\\/mulheres\\\/\",\"name\":\"Mulheres\",\"description\":\"Mulheres\",\"potentialAction\":[{\"@type\":\"SearchAction\",\"target\":{\"@type\":\"EntryPoint\",\"urlTemplate\":\"https:\\\/\\\/www.saopaulo.sp.leg.br\\\/mulheres\\\/?s={search_term_string}\"},\"query-input\":{\"@type\":\"PropertyValueSpecification\",\"valueRequired\":true,\"valueName\":\"search_term_string\"}}],\"inLanguage\":\"pt-BR\"},{\"@type\":\"Person\",\"@id\":\"https:\\\/\\\/www.saopaulo.sp.leg.br\\\/mulheres\\\/#\\\/schema\\\/person\\\/1542424530bd8caa7c5a43658c491874\",\"name\":\"Fernanda Lucena da Silva\",\"image\":{\"@type\":\"ImageObject\",\"inLanguage\":\"pt-BR\",\"@id\":\"https:\\\/\\\/secure.gravatar.com\\\/avatar\\\/05caa2c593e819ada3da9f1e29b73560a0f1ba117d08afa1662c3a573f28316d?s=96&d=mm&r=g\",\"url\":\"https:\\\/\\\/secure.gravatar.com\\\/avatar\\\/05caa2c593e819ada3da9f1e29b73560a0f1ba117d08afa1662c3a573f28316d?s=96&d=mm&r=g\",\"contentUrl\":\"https:\\\/\\\/secure.gravatar.com\\\/avatar\\\/05caa2c593e819ada3da9f1e29b73560a0f1ba117d08afa1662c3a573f28316d?s=96&d=mm&r=g\",\"caption\":\"Fernanda Lucena da Silva\"},\"url\":\"https:\\\/\\\/www.saopaulo.sp.leg.br\\\/mulheres\\\/author\\\/fernandalucena\\\/\"}]}<\/script>\n<!-- \/ Yoast SEO plugin. -->","yoast_head_json":{"title":"Programa Tem Sa\u00edda emprega mulheres v\u00edtimas de viol\u00eancia dom\u00e9stica em S\u00e3o Paulo - Mulheres","robots":{"index":"index","follow":"follow","max-snippet":"max-snippet:-1","max-image-preview":"max-image-preview:large","max-video-preview":"max-video-preview:-1"},"canonical":"https:\/\/www.saopaulo.sp.leg.br\/mulheres\/programa-tem-saida-emprega-mulheres-vitimas-de-violencia-domestica-em-sao-paulo\/","og_locale":"pt_BR","og_type":"article","og_title":"Programa Tem Sa\u00edda emprega mulheres v\u00edtimas de viol\u00eancia dom\u00e9stica em S\u00e3o Paulo - Mulheres","og_description":"O Tem Sa\u00edda \u00e9 uma pol\u00edtica p\u00fablica voltada \u00e0 autonomia financeira e empregabilidade da mulher em situa\u00e7\u00e3o de viol\u00eancia dom\u00e9stica e familiar. A a\u00e7\u00e3o \u00e9 uma parceria entre a Secretaria de Desenvolvimento Econ\u00f4mico e Trabalho da Prefeitura de S\u00e3o Paulo, Minist\u00e9rio P\u00fablico, Defensoria P\u00fablica, Tribunal de Justi\u00e7a, OAB-SP e ONU Mulheres. Criado em agosto de... Leia Mais &raquo;","og_url":"https:\/\/www.saopaulo.sp.leg.br\/mulheres\/programa-tem-saida-emprega-mulheres-vitimas-de-violencia-domestica-em-sao-paulo\/","og_site_name":"Mulheres","article_published_time":"2020-08-24T15:36:03+00:00","article_modified_time":"2020-08-28T14:01:03+00:00","author":"Fernanda Lucena da Silva","twitter_card":"summary_large_image","twitter_misc":{"Escrito por":"Fernanda Lucena da Silva","Est. tempo de leitura":"3 minutos"},"schema":{"@context":"https:\/\/schema.org","@graph":[{"@type":"Article","@id":"https:\/\/www.saopaulo.sp.leg.br\/mulheres\/programa-tem-saida-emprega-mulheres-vitimas-de-violencia-domestica-em-sao-paulo\/#article","isPartOf":{"@id":"https:\/\/www.saopaulo.sp.leg.br\/mulheres\/programa-tem-saida-emprega-mulheres-vitimas-de-violencia-domestica-em-sao-paulo\/"},"author":{"name":"Fernanda Lucena da Silva","@id":"https:\/\/www.saopaulo.sp.leg.br\/mulheres\/#\/schema\/person\/1542424530bd8caa7c5a43658c491874"},"headline":"Programa Tem Sa\u00edda emprega mulheres v\u00edtimas de viol\u00eancia dom\u00e9stica em S\u00e3o Paulo","datePublished":"2020-08-24T15:36:03+00:00","dateModified":"2020-08-28T14:01:03+00:00","mainEntityOfPage":{"@id":"https:\/\/www.saopaulo.sp.leg.br\/mulheres\/programa-tem-saida-emprega-mulheres-vitimas-de-violencia-domestica-em-sao-paulo\/"},"wordCount":613,"commentCount":0,"inLanguage":"pt-BR","potentialAction":[{"@type":"CommentAction","name":"Comment","target":["https:\/\/www.saopaulo.sp.leg.br\/mulheres\/programa-tem-saida-emprega-mulheres-vitimas-de-violencia-domestica-em-sao-paulo\/#respond"]}]},{"@type":"WebPage","@id":"https:\/\/www.saopaulo.sp.leg.br\/mulheres\/programa-tem-saida-emprega-mulheres-vitimas-de-violencia-domestica-em-sao-paulo\/","url":"https:\/\/www.saopaulo.sp.leg.br\/mulheres\/programa-tem-saida-emprega-mulheres-vitimas-de-violencia-domestica-em-sao-paulo\/","name":"Programa Tem Sa\u00edda emprega mulheres v\u00edtimas de viol\u00eancia dom\u00e9stica em S\u00e3o Paulo - Mulheres","isPartOf":{"@id":"https:\/\/www.saopaulo.sp.leg.br\/mulheres\/#website"},"datePublished":"2020-08-24T15:36:03+00:00","dateModified":"2020-08-28T14:01:03+00:00","author":{"@id":"https:\/\/www.saopaulo.sp.leg.br\/mulheres\/#\/schema\/person\/1542424530bd8caa7c5a43658c491874"},"breadcrumb":{"@id":"https:\/\/www.saopaulo.sp.leg.br\/mulheres\/programa-tem-saida-emprega-mulheres-vitimas-de-violencia-domestica-em-sao-paulo\/#breadcrumb"},"inLanguage":"pt-BR","potentialAction":[{"@type":"ReadAction","target":["https:\/\/www.saopaulo.sp.leg.br\/mulheres\/programa-tem-saida-emprega-mulheres-vitimas-de-violencia-domestica-em-sao-paulo\/"]}]},{"@type":"BreadcrumbList","@id":"https:\/\/www.saopaulo.sp.leg.br\/mulheres\/programa-tem-saida-emprega-mulheres-vitimas-de-violencia-domestica-em-sao-paulo\/#breadcrumb","itemListElement":[{"@type":"ListItem","position":1,"name":"In\u00edcio","item":"https:\/\/www.saopaulo.sp.leg.br\/mulheres\/"},{"@type":"ListItem","position":2,"name":"Programa Tem Sa\u00edda emprega mulheres v\u00edtimas de viol\u00eancia dom\u00e9stica em S\u00e3o Paulo"}]},{"@type":"WebSite","@id":"https:\/\/www.saopaulo.sp.leg.br\/mulheres\/#website","url":"https:\/\/www.saopaulo.sp.leg.br\/mulheres\/","name":"Mulheres","description":"Mulheres","potentialAction":[{"@type":"SearchAction","target":{"@type":"EntryPoint","urlTemplate":"https:\/\/www.saopaulo.sp.leg.br\/mulheres\/?s={search_term_string}"},"query-input":{"@type":"PropertyValueSpecification","valueRequired":true,"valueName":"search_term_string"}}],"inLanguage":"pt-BR"},{"@type":"Person","@id":"https:\/\/www.saopaulo.sp.leg.br\/mulheres\/#\/schema\/person\/1542424530bd8caa7c5a43658c491874","name":"Fernanda Lucena da Silva","image":{"@type":"ImageObject","inLanguage":"pt-BR","@id":"https:\/\/secure.gravatar.com\/avatar\/05caa2c593e819ada3da9f1e29b73560a0f1ba117d08afa1662c3a573f28316d?s=96&d=mm&r=g","url":"https:\/\/secure.gravatar.com\/avatar\/05caa2c593e819ada3da9f1e29b73560a0f1ba117d08afa1662c3a573f28316d?s=96&d=mm&r=g","contentUrl":"https:\/\/secure.gravatar.com\/avatar\/05caa2c593e819ada3da9f1e29b73560a0f1ba117d08afa1662c3a573f28316d?s=96&d=mm&r=g","caption":"Fernanda Lucena da Silva"},"url":"https:\/\/www.saopaulo.sp.leg.br\/mulheres\/author\/fernandalucena\/"}]}},"_links":{"self":[{"href":"https:\/\/www.saopaulo.sp.leg.br\/mulheres\/wp-json\/wp\/v2\/posts\/1455","targetHints":{"allow":["GET"]}}],"collection":[{"href":"https:\/\/www.saopaulo.sp.leg.br\/mulheres\/wp-json\/wp\/v2\/posts"}],"about":[{"href":"https:\/\/www.saopaulo.sp.leg.br\/mulheres\/wp-json\/wp\/v2\/types\/post"}],"author":[{"embeddable":true,"href":"https:\/\/www.saopaulo.sp.leg.br\/mulheres\/wp-json\/wp\/v2\/users\/697"}],"replies":[{"embeddable":true,"href":"https:\/\/www.saopaulo.sp.leg.br\/mulheres\/wp-json\/wp\/v2\/comments?post=1455"}],"version-history":[{"count":0,"href":"https:\/\/www.saopaulo.sp.leg.br\/mulheres\/wp-json\/wp\/v2\/posts\/1455\/revisions"}],"wp:attachment":[{"href":"https:\/\/www.saopaulo.sp.leg.br\/mulheres\/wp-json\/wp\/v2\/media?parent=1455"}],"wp:term":[{"taxonomy":"category","embeddable":true,"href":"https:\/\/www.saopaulo.sp.leg.br\/mulheres\/wp-json\/wp\/v2\/categories?post=1455"},{"taxonomy":"post_tag","embeddable":true,"href":"https:\/\/www.saopaulo.sp.leg.br\/mulheres\/wp-json\/wp\/v2\/tags?post=1455"}],"curies":[{"name":"wp","href":"https:\/\/api.w.org\/{rel}","templated":true}]}}