{"id":4195,"date":"2026-04-24T14:30:51","date_gmt":"2026-04-24T17:30:51","guid":{"rendered":"https:\/\/www.saopaulo.sp.leg.br\/documentacao\/?p=4195"},"modified":"2026-04-24T14:30:51","modified_gmt":"2026-04-24T17:30:51","slug":"camara-municipal-realiza-seminario-memoria-e-democracia-com-apoio-do-centro-de-memoria","status":"publish","type":"post","link":"https:\/\/www.saopaulo.sp.leg.br\/documentacao\/camara-municipal-realiza-seminario-memoria-e-democracia-com-apoio-do-centro-de-memoria\/","title":{"rendered":"C\u00e2mara Municipal realiza semin\u00e1rio \u201cMem\u00f3ria e Democracia\u201d com apoio do Centro de Mem\u00f3ria"},"content":{"rendered":"<p>Em 23\/03, a C\u00e2mara Municipal de S\u00e3o Paulo realizou o semin\u00e1rio Mem\u00f3ria e Democracia, reunindo ex-vereadores, especialistas e representantes da sociedade civil para discutir o papel do Legislativo paulistano na constru\u00e7\u00e3o e no fortalecimento da democracia.<\/p>\n<div id=\"attachment_4196\" style=\"width: 990px\" class=\"wp-caption alignleft\"><img loading=\"lazy\" decoding=\"async\" aria-describedby=\"caption-attachment-4196\" src=\"http:\/\/www.saopaulo.sp.leg.br\/documentacao\/wp-content\/uploads\/sites\/34\/2026\/04\/seminario_democracia_memoria_2026_richard_lourenco_rede_camara.png\" alt=\"Teresa Lalojo, Walter Feldman, Ubirajara Prestes e Jos\u00e9 D&#039;Amico na mesa do evento\" width=\"980\" height=\"360\" class=\"size-full wp-image-4196\" srcset=\"https:\/\/www.saopaulo.sp.leg.br\/documentacao\/wp-content\/uploads\/sites\/34\/2026\/04\/seminario_democracia_memoria_2026_richard_lourenco_rede_camara.png 980w, https:\/\/www.saopaulo.sp.leg.br\/documentacao\/wp-content\/uploads\/sites\/34\/2026\/04\/seminario_democracia_memoria_2026_richard_lourenco_rede_camara-300x110.png 300w, https:\/\/www.saopaulo.sp.leg.br\/documentacao\/wp-content\/uploads\/sites\/34\/2026\/04\/seminario_democracia_memoria_2026_richard_lourenco_rede_camara-768x282.png 768w, https:\/\/www.saopaulo.sp.leg.br\/documentacao\/wp-content\/uploads\/sites\/34\/2026\/04\/seminario_democracia_memoria_2026_richard_lourenco_rede_camara-180x66.png 180w\" sizes=\"auto, (max-width: 980px) 100vw, 980px\" \/><p id=\"caption-attachment-4196\" class=\"wp-caption-text\">Cr\u00e9ditos: Richard Louren\u00e7o \/ Rede C\u00e2mara<\/p><\/div>\n<p>Promovido pela Escola do Parlamento e pelo Centro de Mem\u00f3ria, o evento ocorreu no Plen\u00e1rio 1\u00ba de Maio e contou com debates, exposi\u00e7\u00e3o fotogr\u00e1fica sobre a C\u00e2mara no contexto das Diretas J\u00e1 e a exibi\u00e7\u00e3o do document\u00e1rio Of\u00edcio Vereador, produzido a partir de <a href=\"https:\/\/www.youtube.com\/results?search_query=vossa+excelencia%2C+a+memoria+playlist\">entrevistas do programa Vossa Excel\u00eancia \u00e0 Mem\u00f3ria<\/a>, conduzido pela jornalista Viviane Cezarino.<\/p>\n<p><iframe loading=\"lazy\" title=\"Sociedade civil, vereadores e especialistas participam do semin\u00e1rio \u201cMem\u00f3ria e Democracia\u201d\" width=\"680\" height=\"383\" src=\"https:\/\/www.youtube.com\/embed\/rm-v3_r-NGY?feature=oembed\" frameborder=\"0\" allow=\"accelerometer; autoplay; clipboard-write; encrypted-media; gyroscope; picture-in-picture; web-share\" referrerpolicy=\"strict-origin-when-cross-origin\" allowfullscreen><\/iframe><\/p>\n<p>A mesa de abertura foi composta por Ubirajara de Farias Prestes Filho, historiador, Secret\u00e1rio de Documenta\u00e7\u00e3o e co-coordenador do Centro de Mem\u00f3ria; Walter Feldman, ex-Vereador e ex-Deputado Estadual e Federal; Jos\u00e9 D\u2019Amico Bauab, Curador da mem\u00f3ria institucional do Tribunal Regional Eleitoral de S\u00e3o Paulo (TRE-SP); e Teresa Lajolo, ex-Vereadora.<\/p>\n<p>Durante o semin\u00e1rio, os participantes destacaram a import\u00e2ncia da preserva\u00e7\u00e3o da mem\u00f3ria institucional como instrumento para compreender os desafios do presente e evitar retrocessos democr\u00e1ticos. Tamb\u00e9m foi ressaltado o papel da C\u00e2mara como espa\u00e7o de pluralidade e di\u00e1logo entre diferentes vis\u00f5es de mundo.<\/p>\n<p>O semin\u00e1rio pode ser conferido na \u00edntegra no v\u00eddeo abaixo:<\/p>\n<p><iframe loading=\"lazy\" title=\"Semin\u00e1rio Mem\u00f3ria e Democracia | 23\/03\/2026\" width=\"680\" height=\"383\" src=\"https:\/\/www.youtube.com\/embed\/KVCbOxx6Sos?feature=oembed\" frameborder=\"0\" allow=\"accelerometer; autoplay; clipboard-write; encrypted-media; gyroscope; picture-in-picture; web-share\" referrerpolicy=\"strict-origin-when-cross-origin\" allowfullscreen><\/iframe><\/p>\n<p><a href=\"https:\/\/www.flickr.com\/photos\/camarasaopaulo\/55164909779\/in\/album-72177720332685011\">Galeria de imagens do evento no Flickr da Rede C\u00e2mara<\/a><\/p>\n","protected":false},"excerpt":{"rendered":"<p>Em 23\/03, a C\u00e2mara Municipal de S\u00e3o Paulo realizou o semin\u00e1rio Mem\u00f3ria e Democracia, reunindo ex-vereadores, especialistas e representantes da sociedade civil para discutir o papel do Legislativo paulistano na&#8230;  <a class=\"excerpt-read-more\" href=\"https:\/\/www.saopaulo.sp.leg.br\/documentacao\/camara-municipal-realiza-seminario-memoria-e-democracia-com-apoio-do-centro-de-memoria\/\" title=\"Leia C\u00e2mara Municipal realiza semin\u00e1rio \u201cMem\u00f3ria e Democracia\u201d com apoio do Centro de Mem\u00f3ria\">Leia mais &raquo;<\/a><\/p>\n","protected":false},"author":763,"featured_media":0,"comment_status":"open","ping_status":"open","sticky":false,"template":"","format":"standard","meta":{"_acf_changed":false,"footnotes":""},"categories":[1],"tags":[],"class_list":["post-4195","post","type-post","status-publish","format-standard","hentry","category-sem-categoria"],"acf":[],"yoast_head":"<!-- This site is optimized with the Yoast SEO plugin v27.4 - https:\/\/yoast.com\/product\/yoast-seo-wordpress\/ -->\n<title>C\u00e2mara Municipal realiza semin\u00e1rio \u201cMem\u00f3ria e Democracia\u201d com apoio do Centro de Mem\u00f3ria - Biblioteca e Documenta\u00e7\u00e3o<\/title>\n<meta name=\"robots\" content=\"index, follow, max-snippet:-1, max-image-preview:large, max-video-preview:-1\" \/>\n<link rel=\"canonical\" href=\"https:\/\/www.saopaulo.sp.leg.br\/documentacao\/camara-municipal-realiza-seminario-memoria-e-democracia-com-apoio-do-centro-de-memoria\/\" \/>\n<meta property=\"og:locale\" content=\"pt_BR\" \/>\n<meta property=\"og:type\" content=\"article\" \/>\n<meta property=\"og:title\" content=\"C\u00e2mara Municipal realiza semin\u00e1rio \u201cMem\u00f3ria e Democracia\u201d com apoio do Centro de Mem\u00f3ria - Biblioteca e Documenta\u00e7\u00e3o\" \/>\n<meta property=\"og:description\" content=\"Em 23\/03, a C\u00e2mara Municipal de S\u00e3o Paulo realizou o semin\u00e1rio Mem\u00f3ria e Democracia, reunindo ex-vereadores, especialistas e representantes da sociedade civil para discutir o papel do Legislativo paulistano na... Leia mais &raquo;\" \/>\n<meta property=\"og:url\" content=\"https:\/\/www.saopaulo.sp.leg.br\/documentacao\/camara-municipal-realiza-seminario-memoria-e-democracia-com-apoio-do-centro-de-memoria\/\" \/>\n<meta property=\"og:site_name\" content=\"Biblioteca e Documenta\u00e7\u00e3o\" \/>\n<meta property=\"article:published_time\" content=\"2026-04-24T17:30:51+00:00\" \/>\n<meta property=\"og:image\" content=\"https:\/\/www.saopaulo.sp.leg.br\/documentacao\/wp-content\/uploads\/sites\/34\/2026\/04\/seminario_democracia_memoria_2026_richard_lourenco_rede_camara.png\" \/>\n\t<meta property=\"og:image:width\" content=\"980\" \/>\n\t<meta property=\"og:image:height\" content=\"360\" \/>\n\t<meta property=\"og:image:type\" content=\"image\/png\" \/>\n<meta name=\"author\" content=\"luanacoelho\" \/>\n<meta name=\"twitter:card\" content=\"summary_large_image\" \/>\n<meta name=\"twitter:label1\" content=\"Escrito por\" \/>\n\t<meta name=\"twitter:data1\" content=\"luanacoelho\" \/>\n<script type=\"application\/ld+json\" class=\"yoast-schema-graph\">{\"@context\":\"https:\\\/\\\/schema.org\",\"@graph\":[{\"@type\":\"Article\",\"@id\":\"https:\\\/\\\/www.saopaulo.sp.leg.br\\\/documentacao\\\/camara-municipal-realiza-seminario-memoria-e-democracia-com-apoio-do-centro-de-memoria\\\/#article\",\"isPartOf\":{\"@id\":\"https:\\\/\\\/www.saopaulo.sp.leg.br\\\/documentacao\\\/camara-municipal-realiza-seminario-memoria-e-democracia-com-apoio-do-centro-de-memoria\\\/\"},\"author\":{\"name\":\"luanacoelho\",\"@id\":\"https:\\\/\\\/www.saopaulo.sp.leg.br\\\/documentacao\\\/#\\\/schema\\\/person\\\/76fdf3d97cb9057f293c4e437c0bbad3\"},\"headline\":\"C\u00e2mara Municipal realiza semin\u00e1rio \u201cMem\u00f3ria e Democracia\u201d com apoio do Centro de Mem\u00f3ria\",\"datePublished\":\"2026-04-24T17:30:51+00:00\",\"mainEntityOfPage\":{\"@id\":\"https:\\\/\\\/www.saopaulo.sp.leg.br\\\/documentacao\\\/camara-municipal-realiza-seminario-memoria-e-democracia-com-apoio-do-centro-de-memoria\\\/\"},\"wordCount\":281,\"commentCount\":0,\"image\":{\"@id\":\"https:\\\/\\\/www.saopaulo.sp.leg.br\\\/documentacao\\\/camara-municipal-realiza-seminario-memoria-e-democracia-com-apoio-do-centro-de-memoria\\\/#primaryimage\"},\"thumbnailUrl\":\"http:\\\/\\\/www.saopaulo.sp.leg.br\\\/documentacao\\\/wp-content\\\/uploads\\\/sites\\\/34\\\/2026\\\/04\\\/seminario_democracia_memoria_2026_richard_lourenco_rede_camara.png\",\"inLanguage\":\"pt-BR\",\"potentialAction\":[{\"@type\":\"CommentAction\",\"name\":\"Comment\",\"target\":[\"https:\\\/\\\/www.saopaulo.sp.leg.br\\\/documentacao\\\/camara-municipal-realiza-seminario-memoria-e-democracia-com-apoio-do-centro-de-memoria\\\/#respond\"]}]},{\"@type\":\"WebPage\",\"@id\":\"https:\\\/\\\/www.saopaulo.sp.leg.br\\\/documentacao\\\/camara-municipal-realiza-seminario-memoria-e-democracia-com-apoio-do-centro-de-memoria\\\/\",\"url\":\"https:\\\/\\\/www.saopaulo.sp.leg.br\\\/documentacao\\\/camara-municipal-realiza-seminario-memoria-e-democracia-com-apoio-do-centro-de-memoria\\\/\",\"name\":\"C\u00e2mara Municipal realiza semin\u00e1rio \u201cMem\u00f3ria e Democracia\u201d com apoio do Centro de Mem\u00f3ria - Biblioteca e Documenta\u00e7\u00e3o\",\"isPartOf\":{\"@id\":\"https:\\\/\\\/www.saopaulo.sp.leg.br\\\/documentacao\\\/#website\"},\"primaryImageOfPage\":{\"@id\":\"https:\\\/\\\/www.saopaulo.sp.leg.br\\\/documentacao\\\/camara-municipal-realiza-seminario-memoria-e-democracia-com-apoio-do-centro-de-memoria\\\/#primaryimage\"},\"image\":{\"@id\":\"https:\\\/\\\/www.saopaulo.sp.leg.br\\\/documentacao\\\/camara-municipal-realiza-seminario-memoria-e-democracia-com-apoio-do-centro-de-memoria\\\/#primaryimage\"},\"thumbnailUrl\":\"http:\\\/\\\/www.saopaulo.sp.leg.br\\\/documentacao\\\/wp-content\\\/uploads\\\/sites\\\/34\\\/2026\\\/04\\\/seminario_democracia_memoria_2026_richard_lourenco_rede_camara.png\",\"datePublished\":\"2026-04-24T17:30:51+00:00\",\"author\":{\"@id\":\"https:\\\/\\\/www.saopaulo.sp.leg.br\\\/documentacao\\\/#\\\/schema\\\/person\\\/76fdf3d97cb9057f293c4e437c0bbad3\"},\"breadcrumb\":{\"@id\":\"https:\\\/\\\/www.saopaulo.sp.leg.br\\\/documentacao\\\/camara-municipal-realiza-seminario-memoria-e-democracia-com-apoio-do-centro-de-memoria\\\/#breadcrumb\"},\"inLanguage\":\"pt-BR\",\"potentialAction\":[{\"@type\":\"ReadAction\",\"target\":[\"https:\\\/\\\/www.saopaulo.sp.leg.br\\\/documentacao\\\/camara-municipal-realiza-seminario-memoria-e-democracia-com-apoio-do-centro-de-memoria\\\/\"]}]},{\"@type\":\"ImageObject\",\"inLanguage\":\"pt-BR\",\"@id\":\"https:\\\/\\\/www.saopaulo.sp.leg.br\\\/documentacao\\\/camara-municipal-realiza-seminario-memoria-e-democracia-com-apoio-do-centro-de-memoria\\\/#primaryimage\",\"url\":\"https:\\\/\\\/www.saopaulo.sp.leg.br\\\/documentacao\\\/wp-content\\\/uploads\\\/sites\\\/34\\\/2026\\\/04\\\/seminario_democracia_memoria_2026_richard_lourenco_rede_camara.png\",\"contentUrl\":\"https:\\\/\\\/www.saopaulo.sp.leg.br\\\/documentacao\\\/wp-content\\\/uploads\\\/sites\\\/34\\\/2026\\\/04\\\/seminario_democracia_memoria_2026_richard_lourenco_rede_camara.png\",\"width\":980,\"height\":360,\"caption\":\"Cr\u00e9ditos: Richard Louren\u00e7o \\\/ Rede C\u00e2mara\"},{\"@type\":\"BreadcrumbList\",\"@id\":\"https:\\\/\\\/www.saopaulo.sp.leg.br\\\/documentacao\\\/camara-municipal-realiza-seminario-memoria-e-democracia-com-apoio-do-centro-de-memoria\\\/#breadcrumb\",\"itemListElement\":[{\"@type\":\"ListItem\",\"position\":1,\"name\":\"In\u00edcio\",\"item\":\"https:\\\/\\\/www.saopaulo.sp.leg.br\\\/documentacao\\\/\"},{\"@type\":\"ListItem\",\"position\":2,\"name\":\"C\u00e2mara Municipal realiza semin\u00e1rio \u201cMem\u00f3ria e Democracia\u201d com apoio do Centro de Mem\u00f3ria\"}]},{\"@type\":\"WebSite\",\"@id\":\"https:\\\/\\\/www.saopaulo.sp.leg.br\\\/documentacao\\\/#website\",\"url\":\"https:\\\/\\\/www.saopaulo.sp.leg.br\\\/documentacao\\\/\",\"name\":\"Biblioteca e Documenta\u00e7\u00e3o\",\"description\":\"Secretaria de Documenta\u00e7\u00e3o\",\"potentialAction\":[{\"@type\":\"SearchAction\",\"target\":{\"@type\":\"EntryPoint\",\"urlTemplate\":\"https:\\\/\\\/www.saopaulo.sp.leg.br\\\/documentacao\\\/?s={search_term_string}\"},\"query-input\":{\"@type\":\"PropertyValueSpecification\",\"valueRequired\":true,\"valueName\":\"search_term_string\"}}],\"inLanguage\":\"pt-BR\"},{\"@type\":\"Person\",\"@id\":\"https:\\\/\\\/www.saopaulo.sp.leg.br\\\/documentacao\\\/#\\\/schema\\\/person\\\/76fdf3d97cb9057f293c4e437c0bbad3\",\"name\":\"luanacoelho\",\"image\":{\"@type\":\"ImageObject\",\"inLanguage\":\"pt-BR\",\"@id\":\"https:\\\/\\\/secure.gravatar.com\\\/avatar\\\/089de7ee633443b6a340cb20a2a0ef764887b68d0a73328c6e087141447580da?s=96&d=mm&r=g\",\"url\":\"https:\\\/\\\/secure.gravatar.com\\\/avatar\\\/089de7ee633443b6a340cb20a2a0ef764887b68d0a73328c6e087141447580da?s=96&d=mm&r=g\",\"contentUrl\":\"https:\\\/\\\/secure.gravatar.com\\\/avatar\\\/089de7ee633443b6a340cb20a2a0ef764887b68d0a73328c6e087141447580da?s=96&d=mm&r=g\",\"caption\":\"luanacoelho\"},\"url\":\"https:\\\/\\\/www.saopaulo.sp.leg.br\\\/documentacao\\\/author\\\/luanacoelho\\\/\"}]}<\/script>\n<!-- \/ Yoast SEO plugin. -->","yoast_head_json":{"title":"C\u00e2mara Municipal realiza semin\u00e1rio \u201cMem\u00f3ria e Democracia\u201d com apoio do Centro de Mem\u00f3ria - Biblioteca e Documenta\u00e7\u00e3o","robots":{"index":"index","follow":"follow","max-snippet":"max-snippet:-1","max-image-preview":"max-image-preview:large","max-video-preview":"max-video-preview:-1"},"canonical":"https:\/\/www.saopaulo.sp.leg.br\/documentacao\/camara-municipal-realiza-seminario-memoria-e-democracia-com-apoio-do-centro-de-memoria\/","og_locale":"pt_BR","og_type":"article","og_title":"C\u00e2mara Municipal realiza semin\u00e1rio \u201cMem\u00f3ria e Democracia\u201d com apoio do Centro de Mem\u00f3ria - Biblioteca e Documenta\u00e7\u00e3o","og_description":"Em 23\/03, a C\u00e2mara Municipal de S\u00e3o Paulo realizou o semin\u00e1rio Mem\u00f3ria e Democracia, reunindo ex-vereadores, especialistas e representantes da sociedade civil para discutir o papel do Legislativo paulistano na... Leia mais &raquo;","og_url":"https:\/\/www.saopaulo.sp.leg.br\/documentacao\/camara-municipal-realiza-seminario-memoria-e-democracia-com-apoio-do-centro-de-memoria\/","og_site_name":"Biblioteca e Documenta\u00e7\u00e3o","article_published_time":"2026-04-24T17:30:51+00:00","og_image":[{"width":980,"height":360,"url":"https:\/\/www.saopaulo.sp.leg.br\/documentacao\/wp-content\/uploads\/sites\/34\/2026\/04\/seminario_democracia_memoria_2026_richard_lourenco_rede_camara.png","type":"image\/png"}],"author":"luanacoelho","twitter_card":"summary_large_image","twitter_misc":{"Escrito por":"luanacoelho"},"schema":{"@context":"https:\/\/schema.org","@graph":[{"@type":"Article","@id":"https:\/\/www.saopaulo.sp.leg.br\/documentacao\/camara-municipal-realiza-seminario-memoria-e-democracia-com-apoio-do-centro-de-memoria\/#article","isPartOf":{"@id":"https:\/\/www.saopaulo.sp.leg.br\/documentacao\/camara-municipal-realiza-seminario-memoria-e-democracia-com-apoio-do-centro-de-memoria\/"},"author":{"name":"luanacoelho","@id":"https:\/\/www.saopaulo.sp.leg.br\/documentacao\/#\/schema\/person\/76fdf3d97cb9057f293c4e437c0bbad3"},"headline":"C\u00e2mara Municipal realiza semin\u00e1rio \u201cMem\u00f3ria e Democracia\u201d com apoio do Centro de Mem\u00f3ria","datePublished":"2026-04-24T17:30:51+00:00","mainEntityOfPage":{"@id":"https:\/\/www.saopaulo.sp.leg.br\/documentacao\/camara-municipal-realiza-seminario-memoria-e-democracia-com-apoio-do-centro-de-memoria\/"},"wordCount":281,"commentCount":0,"image":{"@id":"https:\/\/www.saopaulo.sp.leg.br\/documentacao\/camara-municipal-realiza-seminario-memoria-e-democracia-com-apoio-do-centro-de-memoria\/#primaryimage"},"thumbnailUrl":"http:\/\/www.saopaulo.sp.leg.br\/documentacao\/wp-content\/uploads\/sites\/34\/2026\/04\/seminario_democracia_memoria_2026_richard_lourenco_rede_camara.png","inLanguage":"pt-BR","potentialAction":[{"@type":"CommentAction","name":"Comment","target":["https:\/\/www.saopaulo.sp.leg.br\/documentacao\/camara-municipal-realiza-seminario-memoria-e-democracia-com-apoio-do-centro-de-memoria\/#respond"]}]},{"@type":"WebPage","@id":"https:\/\/www.saopaulo.sp.leg.br\/documentacao\/camara-municipal-realiza-seminario-memoria-e-democracia-com-apoio-do-centro-de-memoria\/","url":"https:\/\/www.saopaulo.sp.leg.br\/documentacao\/camara-municipal-realiza-seminario-memoria-e-democracia-com-apoio-do-centro-de-memoria\/","name":"C\u00e2mara Municipal realiza semin\u00e1rio \u201cMem\u00f3ria e Democracia\u201d com apoio do Centro de Mem\u00f3ria - Biblioteca e Documenta\u00e7\u00e3o","isPartOf":{"@id":"https:\/\/www.saopaulo.sp.leg.br\/documentacao\/#website"},"primaryImageOfPage":{"@id":"https:\/\/www.saopaulo.sp.leg.br\/documentacao\/camara-municipal-realiza-seminario-memoria-e-democracia-com-apoio-do-centro-de-memoria\/#primaryimage"},"image":{"@id":"https:\/\/www.saopaulo.sp.leg.br\/documentacao\/camara-municipal-realiza-seminario-memoria-e-democracia-com-apoio-do-centro-de-memoria\/#primaryimage"},"thumbnailUrl":"http:\/\/www.saopaulo.sp.leg.br\/documentacao\/wp-content\/uploads\/sites\/34\/2026\/04\/seminario_democracia_memoria_2026_richard_lourenco_rede_camara.png","datePublished":"2026-04-24T17:30:51+00:00","author":{"@id":"https:\/\/www.saopaulo.sp.leg.br\/documentacao\/#\/schema\/person\/76fdf3d97cb9057f293c4e437c0bbad3"},"breadcrumb":{"@id":"https:\/\/www.saopaulo.sp.leg.br\/documentacao\/camara-municipal-realiza-seminario-memoria-e-democracia-com-apoio-do-centro-de-memoria\/#breadcrumb"},"inLanguage":"pt-BR","potentialAction":[{"@type":"ReadAction","target":["https:\/\/www.saopaulo.sp.leg.br\/documentacao\/camara-municipal-realiza-seminario-memoria-e-democracia-com-apoio-do-centro-de-memoria\/"]}]},{"@type":"ImageObject","inLanguage":"pt-BR","@id":"https:\/\/www.saopaulo.sp.leg.br\/documentacao\/camara-municipal-realiza-seminario-memoria-e-democracia-com-apoio-do-centro-de-memoria\/#primaryimage","url":"https:\/\/www.saopaulo.sp.leg.br\/documentacao\/wp-content\/uploads\/sites\/34\/2026\/04\/seminario_democracia_memoria_2026_richard_lourenco_rede_camara.png","contentUrl":"https:\/\/www.saopaulo.sp.leg.br\/documentacao\/wp-content\/uploads\/sites\/34\/2026\/04\/seminario_democracia_memoria_2026_richard_lourenco_rede_camara.png","width":980,"height":360,"caption":"Cr\u00e9ditos: Richard Louren\u00e7o \/ Rede C\u00e2mara"},{"@type":"BreadcrumbList","@id":"https:\/\/www.saopaulo.sp.leg.br\/documentacao\/camara-municipal-realiza-seminario-memoria-e-democracia-com-apoio-do-centro-de-memoria\/#breadcrumb","itemListElement":[{"@type":"ListItem","position":1,"name":"In\u00edcio","item":"https:\/\/www.saopaulo.sp.leg.br\/documentacao\/"},{"@type":"ListItem","position":2,"name":"C\u00e2mara Municipal realiza semin\u00e1rio \u201cMem\u00f3ria e Democracia\u201d com apoio do Centro de Mem\u00f3ria"}]},{"@type":"WebSite","@id":"https:\/\/www.saopaulo.sp.leg.br\/documentacao\/#website","url":"https:\/\/www.saopaulo.sp.leg.br\/documentacao\/","name":"Biblioteca e Documenta\u00e7\u00e3o","description":"Secretaria de Documenta\u00e7\u00e3o","potentialAction":[{"@type":"SearchAction","target":{"@type":"EntryPoint","urlTemplate":"https:\/\/www.saopaulo.sp.leg.br\/documentacao\/?s={search_term_string}"},"query-input":{"@type":"PropertyValueSpecification","valueRequired":true,"valueName":"search_term_string"}}],"inLanguage":"pt-BR"},{"@type":"Person","@id":"https:\/\/www.saopaulo.sp.leg.br\/documentacao\/#\/schema\/person\/76fdf3d97cb9057f293c4e437c0bbad3","name":"luanacoelho","image":{"@type":"ImageObject","inLanguage":"pt-BR","@id":"https:\/\/secure.gravatar.com\/avatar\/089de7ee633443b6a340cb20a2a0ef764887b68d0a73328c6e087141447580da?s=96&d=mm&r=g","url":"https:\/\/secure.gravatar.com\/avatar\/089de7ee633443b6a340cb20a2a0ef764887b68d0a73328c6e087141447580da?s=96&d=mm&r=g","contentUrl":"https:\/\/secure.gravatar.com\/avatar\/089de7ee633443b6a340cb20a2a0ef764887b68d0a73328c6e087141447580da?s=96&d=mm&r=g","caption":"luanacoelho"},"url":"https:\/\/www.saopaulo.sp.leg.br\/documentacao\/author\/luanacoelho\/"}]}},"_links":{"self":[{"href":"https:\/\/www.saopaulo.sp.leg.br\/documentacao\/wp-json\/wp\/v2\/posts\/4195","targetHints":{"allow":["GET"]}}],"collection":[{"href":"https:\/\/www.saopaulo.sp.leg.br\/documentacao\/wp-json\/wp\/v2\/posts"}],"about":[{"href":"https:\/\/www.saopaulo.sp.leg.br\/documentacao\/wp-json\/wp\/v2\/types\/post"}],"author":[{"embeddable":true,"href":"https:\/\/www.saopaulo.sp.leg.br\/documentacao\/wp-json\/wp\/v2\/users\/763"}],"replies":[{"embeddable":true,"href":"https:\/\/www.saopaulo.sp.leg.br\/documentacao\/wp-json\/wp\/v2\/comments?post=4195"}],"version-history":[{"count":4,"href":"https:\/\/www.saopaulo.sp.leg.br\/documentacao\/wp-json\/wp\/v2\/posts\/4195\/revisions"}],"predecessor-version":[{"id":4200,"href":"https:\/\/www.saopaulo.sp.leg.br\/documentacao\/wp-json\/wp\/v2\/posts\/4195\/revisions\/4200"}],"wp:attachment":[{"href":"https:\/\/www.saopaulo.sp.leg.br\/documentacao\/wp-json\/wp\/v2\/media?parent=4195"}],"wp:term":[{"taxonomy":"category","embeddable":true,"href":"https:\/\/www.saopaulo.sp.leg.br\/documentacao\/wp-json\/wp\/v2\/categories?post=4195"},{"taxonomy":"post_tag","embeddable":true,"href":"https:\/\/www.saopaulo.sp.leg.br\/documentacao\/wp-json\/wp\/v2\/tags?post=4195"}],"curies":[{"name":"wp","href":"https:\/\/api.w.org\/{rel}","templated":true}]}}